{"id":11637,"date":"2021-01-13T11:57:15","date_gmt":"2021-01-13T10:57:15","guid":{"rendered":"http:\/\/livre-europeen.eu\/?p=11637"},"modified":"2021-11-09T19:41:53","modified_gmt":"2021-11-09T18:41:53","slug":"casa-triton","status":"publish","type":"post","link":"http:\/\/livre-europeen.eu\/?p=11637","title":{"rendered":"Casa Triton"},"content":{"rendered":"<table class=\" aligncenter\" style=\"width: 1080px; border-style: none;\">\n<tbody>\n<tr>\n<td style=\"border-style: hidden; text-align: center; vertical-align: top; width: 262px;\">\n<h3>Pr\u00e9s\u00e9lection 2021<\/h3>\n<h4>pays : Finlande<\/h4>\n<p><img loading=\"lazy\" decoding=\"async\" class=\"alignnone size-full wp-image-11638\" src=\"http:\/\/livre-europeen.eu\/wp-content\/uploads\/2021\/07\/Casa-Triton.png\" alt=\"Casa Triton\" width=\"402\" height=\"625\" srcset=\"http:\/\/livre-europeen.eu\/wp-content\/uploads\/2021\/07\/Casa-Triton.png 402w, http:\/\/livre-europeen.eu\/wp-content\/uploads\/2021\/07\/Casa-Triton-193x300.png 193w\" sizes=\"(max-width: 402px) 100vw, 402px\" \/><\/p>\n<p>&nbsp;<\/td>\n<td style=\"border-style: hidden; vertical-align: top; width: 786px;\">\n<h1>Casa Triton<\/h1>\n<h2>Kjell Westo<\/h2>\n<hr \/>\n<ul>\n<li><strong>Parution : <\/strong>13 janvier 2021<\/li>\n<li><strong>Editeur : <\/strong>\u00c9ditions Autrement Publi\u00e9 en su\u00e9dois chez Albert Bonniers f\u00f6rlag : Tritonus<\/li>\n<li><strong>Pages :<\/strong> 464<\/li>\n<\/ul>\n<hr \/>\n<p style=\"text-align: justify;\"><span class=\"su-dropcap su-dropcap-style-flat\" style=\"font-size:1.5em\">\u00ab<\/span>\n<p>C\u2019est \u00e0 l\u2019\u00e9cart des bruits du monde, sur une \u00eele de l\u2019archipel d\u2019Helsinki, que le c\u00e9l\u00e8bre chef d\u2019orchestre Thomas Brander choisit de se faire construire une somptueuse r\u00e9sidence secondaire : la Casa Triton. Triton ou \u00ab intervalle du diable \u00bb, une harmonie de notes si dissonante qu\u2019elle fut autrefois interdite\u2026 Rompu \u00e0 l\u2019exercice des tourn\u00e9es internationales, Brander fait la connaissance de son voisin Reinar Lindell, guitariste sans talent hant\u00e9 par la perte de sa femme ador\u00e9e. Mais tandis qu\u2019ils s\u2019apprivoisent, leurs diff\u00e9rences et leur douleur se font aussi plus pr\u00e9gnantes. Et, derri\u00e8re la fa\u00e7ade distante du grand chef d\u2019orchestre, derri\u00e8re la chaleur et la sollicitude du guitariste, les hommes luttent en silence contre le pass\u00e9.<br \/>\nPar ce double portrait en miroir et sur fond musical, Kjell West\u00f6 raconte l\u2019impossible vuln\u00e9rabilit\u00e9 des hommes. Une course contre la solitude et une exploration m\u00e9lancolique des p\u00e2les promesses de la vie qui est \u00e0 venir \u2013 sans doute l\u2019un de ses plus grands romans.<\/td>\n<\/tr>\n<\/tbody>\n<\/table>\n","protected":false},"excerpt":{"rendered":"<p> &#8230; <a class=\"read-more\" href=\"http:\/\/livre-europeen.eu\/?p=11637\">en savoir plus<\/a><\/p>\n","protected":false},"author":1,"featured_media":11676,"comment_status":"closed","ping_status":"closed","sticky":false,"template":"","format":"standard","meta":{"footnotes":""},"categories":[313,315],"tags":[449],"genre":[],"annees":[856],"wps_subtitle":"Kjell Westo","_links":{"self":[{"href":"http:\/\/livre-europeen.eu\/index.php?rest_route=\/wp\/v2\/posts\/11637"}],"collection":[{"href":"http:\/\/livre-europeen.eu\/index.php?rest_route=\/wp\/v2\/posts"}],"about":[{"href":"http:\/\/livre-europeen.eu\/index.php?rest_route=\/wp\/v2\/types\/post"}],"author":[{"embeddable":true,"href":"http:\/\/livre-europeen.eu\/index.php?rest_route=\/wp\/v2\/users\/1"}],"replies":[{"embeddable":true,"href":"http:\/\/livre-europeen.eu\/index.php?rest_route=%2Fwp%2Fv2%2Fcomments&post=11637"}],"version-history":[{"count":1,"href":"http:\/\/livre-europeen.eu\/index.php?rest_route=\/wp\/v2\/posts\/11637\/revisions"}],"predecessor-version":[{"id":11639,"href":"http:\/\/livre-europeen.eu\/index.php?rest_route=\/wp\/v2\/posts\/11637\/revisions\/11639"}],"wp:featuredmedia":[{"embeddable":true,"href":"http:\/\/livre-europeen.eu\/index.php?rest_route=\/wp\/v2\/media\/11676"}],"wp:attachment":[{"href":"http:\/\/livre-europeen.eu\/index.php?rest_route=%2Fwp%2Fv2%2Fmedia&parent=11637"}],"wp:term":[{"taxonomy":"category","embeddable":true,"href":"http:\/\/livre-europeen.eu\/index.php?rest_route=%2Fwp%2Fv2%2Fcategories&post=11637"},{"taxonomy":"post_tag","embeddable":true,"href":"http:\/\/livre-europeen.eu\/index.php?rest_route=%2Fwp%2Fv2%2Ftags&post=11637"},{"taxonomy":"genre","embeddable":true,"href":"http:\/\/livre-europeen.eu\/index.php?rest_route=%2Fwp%2Fv2%2Fgenre&post=11637"},{"taxonomy":"annees","embeddable":true,"href":"http:\/\/livre-europeen.eu\/index.php?rest_route=%2Fwp%2Fv2%2Fannees&post=11637"}],"curies":[{"name":"wp","href":"https:\/\/api.w.org\/{rel}","templated":true}]}}