{"id":11623,"date":"2020-10-15T11:17:37","date_gmt":"2020-10-15T10:17:37","guid":{"rendered":"http:\/\/livre-europeen.eu\/?p=11623"},"modified":"2021-07-21T13:49:02","modified_gmt":"2021-07-21T12:49:02","slug":"leurope-nest-pas-un-lieu","status":"publish","type":"post","link":"http:\/\/livre-europeen.eu\/?p=11623","title":{"rendered":"L&rsquo;Europe n&rsquo;est pas un lieu"},"content":{"rendered":"<table class=\" aligncenter\" style=\"width: 1080px; border-style: none;\">\n<tbody>\n<tr>\n<td style=\"border-style: hidden; text-align: center; vertical-align: top; width: 262px;\">\n<h3>Pr\u00e9s\u00e9lection 2021<br \/>\npays : Danemark<\/h3>\n<p><img loading=\"lazy\" decoding=\"async\" class=\"alignnone size-full wp-image-11624\" src=\"http:\/\/livre-europeen.eu\/wp-content\/uploads\/2021\/07\/LEurope-nest-pas-un-lieu.png\" alt=\"L'Europe n'est pas un lieu\" width=\"401\" height=\"624\" srcset=\"http:\/\/livre-europeen.eu\/wp-content\/uploads\/2021\/07\/LEurope-nest-pas-un-lieu.png 401w, http:\/\/livre-europeen.eu\/wp-content\/uploads\/2021\/07\/LEurope-nest-pas-un-lieu-193x300.png 193w\" sizes=\"(max-width: 401px) 100vw, 401px\" \/><\/p>\n<p>&nbsp;<\/td>\n<td style=\"border-style: hidden; vertical-align: top; width: 786px;\">\n<h1>L&rsquo;Europe n&rsquo;est pas un lieu<\/h1>\n<h2>Jens Christian GR\u00d8NDAHL<\/h2>\n<hr \/>\n<ul>\n<li><strong>Parution : <\/strong>15 octobre 2020<\/li>\n<li><strong>Editeur : <\/strong>\u00c9ditions Gallimard (Publi\u00e9 en danois chez Gyldendal : Europa er ikke et sted)<\/li>\n<li><strong>Pages : <\/strong>624<\/li>\n<\/ul>\n<hr \/>\n<p style=\"text-align: justify;\"><span class=\"su-dropcap su-dropcap-style-flat\" style=\"font-size:1.5em\">\u00ab<\/span>\n<p>Dans son essai, Jens Christian Gr\u00f8ndahl d\u00e9clare : \u00ab\u00c0 l\u2019origine, l\u2019Europe n\u2019est pas un lieu, elle doit \u00eatre un lieu de rencontre. Une rencontre qui se produit partout o\u00f9 les contradictions s\u2019\u00e9clairent mutuellement, sans l\u2019illusion de fusionner un jour.\u00bb<br \/>\nCette diversit\u00e9 peut aussi bien tendre vers l\u2019humanisme que la barbarie ; et personne ne peut douter aujourd\u2019hui que l\u2019Europe prend des directions parfois inqui\u00e9tantes. Dans ce livre, Gr\u00f8ndahl part d\u2019exp\u00e9riences concr\u00e8tes, entre la province danoise et l\u2019Europe, en particulier l\u2019Italie o\u00f9 il r\u00e9side un temps, pour aller au g\u00e9n\u00e9ral.<br \/>\nEn m\u00ealant \u00e0 sa r\u00e9flexion Ole Wivel et Karen Blixen, Schiller et Kant, Sartre et Camus, Jens Christian Gr\u00f8ndahl en profite pour interroger avec finesse ce que peut recouvrir l\u2019id\u00e9e de \u00abl\u2019\u00e9crivain responsable\u00bb, car ce qui sous-tend une partie de l\u2019ouvrage, c\u2019est bien l\u2019affirmation que \u00abla culpabilit\u00e9 n\u2019a pas de date de p\u00e9remption\u00bb.<\/td>\n<\/tr>\n<\/tbody>\n<\/table>\n","protected":false},"excerpt":{"rendered":"<p> &#8230; <a class=\"read-more\" href=\"http:\/\/livre-europeen.eu\/?p=11623\">en savoir plus<\/a><\/p>\n","protected":false},"author":1,"featured_media":11673,"comment_status":"closed","ping_status":"closed","sticky":false,"template":"","format":"standard","meta":{"footnotes":""},"categories":[313],"tags":[428],"genre":[],"annees":[856],"wps_subtitle":"Jens Christian GR\u00d8NDAHL","_links":{"self":[{"href":"http:\/\/livre-europeen.eu\/index.php?rest_route=\/wp\/v2\/posts\/11623"}],"collection":[{"href":"http:\/\/livre-europeen.eu\/index.php?rest_route=\/wp\/v2\/posts"}],"about":[{"href":"http:\/\/livre-europeen.eu\/index.php?rest_route=\/wp\/v2\/types\/post"}],"author":[{"embeddable":true,"href":"http:\/\/livre-europeen.eu\/index.php?rest_route=\/wp\/v2\/users\/1"}],"replies":[{"embeddable":true,"href":"http:\/\/livre-europeen.eu\/index.php?rest_route=%2Fwp%2Fv2%2Fcomments&post=11623"}],"version-history":[{"count":2,"href":"http:\/\/livre-europeen.eu\/index.php?rest_route=\/wp\/v2\/posts\/11623\/revisions"}],"predecessor-version":[{"id":11687,"href":"http:\/\/livre-europeen.eu\/index.php?rest_route=\/wp\/v2\/posts\/11623\/revisions\/11687"}],"wp:featuredmedia":[{"embeddable":true,"href":"http:\/\/livre-europeen.eu\/index.php?rest_route=\/wp\/v2\/media\/11673"}],"wp:attachment":[{"href":"http:\/\/livre-europeen.eu\/index.php?rest_route=%2Fwp%2Fv2%2Fmedia&parent=11623"}],"wp:term":[{"taxonomy":"category","embeddable":true,"href":"http:\/\/livre-europeen.eu\/index.php?rest_route=%2Fwp%2Fv2%2Fcategories&post=11623"},{"taxonomy":"post_tag","embeddable":true,"href":"http:\/\/livre-europeen.eu\/index.php?rest_route=%2Fwp%2Fv2%2Ftags&post=11623"},{"taxonomy":"genre","embeddable":true,"href":"http:\/\/livre-europeen.eu\/index.php?rest_route=%2Fwp%2Fv2%2Fgenre&post=11623"},{"taxonomy":"annees","embeddable":true,"href":"http:\/\/livre-europeen.eu\/index.php?rest_route=%2Fwp%2Fv2%2Fannees&post=11623"}],"curies":[{"name":"wp","href":"https:\/\/api.w.org\/{rel}","templated":true}]}}