{"id":11617,"date":"2020-09-10T11:01:17","date_gmt":"2020-09-10T10:01:17","guid":{"rendered":"http:\/\/livre-europeen.eu\/?p=11617"},"modified":"2021-07-21T13:50:24","modified_gmt":"2021-07-21T12:50:24","slug":"les-emotions","status":"publish","type":"post","link":"http:\/\/livre-europeen.eu\/?p=11617","title":{"rendered":"Les \u00e9motions"},"content":{"rendered":"<table class=\" aligncenter\" style=\"width: 1080px; border-style: none;\">\n<tbody>\n<tr>\n<td style=\"border-style: hidden; text-align: center; vertical-align: top; width: 262px;\">\n<h3>Pr\u00e9s\u00e9lection 2021<br \/>\npays : Belgique<\/h3>\n<p><img loading=\"lazy\" decoding=\"async\" class=\"alignnone size-full wp-image-11618\" src=\"http:\/\/livre-europeen.eu\/wp-content\/uploads\/2021\/07\/Les-Emotions.png\" alt=\"Les Emotions\" width=\"457\" height=\"627\" srcset=\"http:\/\/livre-europeen.eu\/wp-content\/uploads\/2021\/07\/Les-Emotions.png 457w, http:\/\/livre-europeen.eu\/wp-content\/uploads\/2021\/07\/Les-Emotions-219x300.png 219w\" sizes=\"(max-width: 457px) 100vw, 457px\" \/><\/p>\n<p>&nbsp;<\/td>\n<td style=\"border-style: hidden; vertical-align: top; width: 786px;\">\n<h1>Les \u00e9motions<\/h1>\n<h2>Jean-Philippe Toussaint<\/h2>\n<hr \/>\n<ul>\n<li><strong>Parution : <\/strong>10 septembre 2020<\/li>\n<li><strong>Editeur : <\/strong>\u00c9ditions de Minuit<\/li>\n<li><strong>Pages : <\/strong>240<\/li>\n<\/ul>\n<hr \/>\n<p style=\"text-align: justify;\"><span class=\"su-dropcap su-dropcap-style-flat\" style=\"font-size:1.5em\">\u00ab<\/span>\n<p>Lorsque Jean Detrez, qui travaille \u00e0 la Commission europ\u00e9enne, a commenc\u00e9 \u00e0 s\u2019int\u00e9resser de mani\u00e8re professionnelle \u00e0 l\u2019avenir, il s\u2019est rendu compte qu\u2019il y avait une diff\u00e9rence abyssale entre l\u2019avenir public et l\u2019avenir priv\u00e9. La connaissance, ou l\u2019exploration, de l\u2019avenir public, rel\u00e8ve de la prospective, qui constitue une discipline scientifique \u00e0 part enti\u00e8re, alors que la volont\u00e9, ou le fantasme, de conna\u00eetre son propre avenir rel\u00e8ve du spiritisme ou de la voyance. Mais a\u2013t-on toujours envie de savoir ce que nous r\u00e9servent les prochains jours ou les prochaines semaines, a-t-on toujours envie de savoir ce que nous deviendrons dans un futur plus ou moins \u00e9loign\u00e9, quand on sait que ce qui peut nous arriver de plus stup\u00e9fiant, le matin, quand on se l\u00e8ve, c\u2019est d\u2019apprendre qu\u2019on va mourir dans la journ\u00e9e ou qu\u2019on va vivre une nouvelle aventure amoureuse ou sexuelle dans les heures qui viennent ? Le sexe et la mort, rien ne peut nous \u00e9mouvoir davantage, quand il s\u2019agit de nous-m\u00eame.<br \/>\nLe moment est donc venu de dire un mot de la vie priv\u00e9e de Jean Detrez.<\/td>\n<\/tr>\n<\/tbody>\n<\/table>\n","protected":false},"excerpt":{"rendered":"<p> &#8230; <a class=\"read-more\" href=\"http:\/\/livre-europeen.eu\/?p=11617\">en savoir plus<\/a><\/p>\n","protected":false},"author":1,"featured_media":11670,"comment_status":"closed","ping_status":"closed","sticky":false,"template":"","format":"standard","meta":{"footnotes":""},"categories":[313],"tags":[273],"genre":[],"annees":[856],"wps_subtitle":"Jean-Philippe Toussaint","_links":{"self":[{"href":"http:\/\/livre-europeen.eu\/index.php?rest_route=\/wp\/v2\/posts\/11617"}],"collection":[{"href":"http:\/\/livre-europeen.eu\/index.php?rest_route=\/wp\/v2\/posts"}],"about":[{"href":"http:\/\/livre-europeen.eu\/index.php?rest_route=\/wp\/v2\/types\/post"}],"author":[{"embeddable":true,"href":"http:\/\/livre-europeen.eu\/index.php?rest_route=\/wp\/v2\/users\/1"}],"replies":[{"embeddable":true,"href":"http:\/\/livre-europeen.eu\/index.php?rest_route=%2Fwp%2Fv2%2Fcomments&post=11617"}],"version-history":[{"count":2,"href":"http:\/\/livre-europeen.eu\/index.php?rest_route=\/wp\/v2\/posts\/11617\/revisions"}],"predecessor-version":[{"id":11688,"href":"http:\/\/livre-europeen.eu\/index.php?rest_route=\/wp\/v2\/posts\/11617\/revisions\/11688"}],"wp:featuredmedia":[{"embeddable":true,"href":"http:\/\/livre-europeen.eu\/index.php?rest_route=\/wp\/v2\/media\/11670"}],"wp:attachment":[{"href":"http:\/\/livre-europeen.eu\/index.php?rest_route=%2Fwp%2Fv2%2Fmedia&parent=11617"}],"wp:term":[{"taxonomy":"category","embeddable":true,"href":"http:\/\/livre-europeen.eu\/index.php?rest_route=%2Fwp%2Fv2%2Fcategories&post=11617"},{"taxonomy":"post_tag","embeddable":true,"href":"http:\/\/livre-europeen.eu\/index.php?rest_route=%2Fwp%2Fv2%2Ftags&post=11617"},{"taxonomy":"genre","embeddable":true,"href":"http:\/\/livre-europeen.eu\/index.php?rest_route=%2Fwp%2Fv2%2Fgenre&post=11617"},{"taxonomy":"annees","embeddable":true,"href":"http:\/\/livre-europeen.eu\/index.php?rest_route=%2Fwp%2Fv2%2Fannees&post=11617"}],"curies":[{"name":"wp","href":"https:\/\/api.w.org\/{rel}","templated":true}]}}