{"id":11607,"date":"2021-03-03T10:04:25","date_gmt":"2021-03-03T09:04:25","guid":{"rendered":"http:\/\/livre-europeen.eu\/?p=11607"},"modified":"2021-07-21T13:52:09","modified_gmt":"2021-07-21T12:52:09","slug":"la-ou-nous-sommes-chez-nous-lhistoire-de-ma-famille-eparpillee","status":"publish","type":"post","link":"http:\/\/livre-europeen.eu\/?p=11607","title":{"rendered":"L\u00e0 o\u00f9 nous sommes chez nous : L\u2019histoire de ma famille \u00e9parpill\u00e9e"},"content":{"rendered":"<table class=\" aligncenter\" style=\"width: 118.096%; border-style: none;\">\n<tbody>\n<tr>\n<td style=\"border-style: hidden; text-align: center; vertical-align: top; width: 25.7169%;\">\n<h3>Pr\u00e9s\u00e9lection 2021<br \/>\npays : Allemagne<\/h3>\n<p>&nbsp;<\/p>\n<p><img loading=\"lazy\" decoding=\"async\" class=\"alignnone size-full wp-image-11608\" src=\"http:\/\/livre-europeen.eu\/wp-content\/uploads\/2021\/07\/La\u0300-ou\u0300-nous-sommes-chez-nous.png\" alt=\"La\u0300 ou\u0300 nous sommes chez nous\" width=\"293\" height=\"570\" srcset=\"http:\/\/livre-europeen.eu\/wp-content\/uploads\/2021\/07\/La\u0300-ou\u0300-nous-sommes-chez-nous.png 293w, http:\/\/livre-europeen.eu\/wp-content\/uploads\/2021\/07\/La\u0300-ou\u0300-nous-sommes-chez-nous-154x300.png 154w\" sizes=\"(max-width: 293px) 100vw, 293px\" \/><\/p>\n<p>&nbsp;<\/td>\n<td style=\"border-style: hidden; vertical-align: top; width: 74.1906%;\">\n<h1>L\u00e0 o\u00f9 nous sommes chez nous : L\u2019histoire de ma famille \u00e9parpill\u00e9e<\/h1>\n<h2>Maxim Leo<\/h2>\n<hr \/>\n<ul>\n<li><strong>Parution : <\/strong>3 mars 2021<\/li>\n<li><strong><strong>Editeur :<\/strong><\/strong><span class=\"Apple-converted-space\">\u00a0<\/span><span style=\"font-family: inherit; font-size: inherit;\">\u00c9ditions Actes Sud<\/span><span class=\"Apple-converted-space\" style=\"font-family: inherit; font-size: inherit;\"> (Publi\u00e9 en allemand chez Kiepenheuer&amp;Witsch : Wo wir zu Hause sind: Die Geschichte meiner verschwundenen Familie)<\/span><\/li>\n<li><strong>Pages : <\/strong>368<\/li>\n<\/ul>\n<hr \/>\n<p style=\"text-align: justify;\"><span class=\"su-dropcap su-dropcap-style-flat\" style=\"font-size:1.5em\">\u00ab<\/span>\n<p>Quatre personnes autour d\u2019une table, et voil\u00e0 la branche berlinoise des Leo pour ainsi dire au complet. Les nombreux autres membres de la famille, qui ont fui les nazis dans les ann\u00e9es 1930, sont dispers\u00e9s dans le monde entier. Au fil de ce r\u00e9cit poignant, Maxim Leo se rend chez eux, en Angleterre, en Isra\u00ebl et en France, et retrace le destin de ses trois grands-tantes\u00a0: Hilde, l\u2019actrice devenue millionnaire \u00e0 Londres\u00a0; Irmgard, l\u2019\u00e9tudiante en droit qui s\u2019est convertie au juda\u00efsme avant de prendre le bateau pour Isra\u00ebl et de fonder un kibboutz sur les hauteurs du Golan\u00a0; et Ilse, la lyc\u00e9enne qui a surv\u00e9cu en France dans la clandestinit\u00e9. Il retrace aussi le touchant retour de leurs enfants et petits-enfants \u00e0 Berlin, dans la patrie perdue de leurs anc\u00eatres.<\/p>\n<p>\u00c0 la recherche des maillons manquants de la cha\u00eene des souvenirs familiaux, Maxim Leo d\u00e9couvre un lien qui se joue de toutes les fronti\u00e8res. Avec\u00a0<em>L\u00e0 o\u00f9 nous sommes chez nous<\/em>, il livre l\u2019histoire aussi inoubliable qu\u2019\u00e9mouvante de sa famille \u00e9parpill\u00e9e.<\/td>\n<\/tr>\n<\/tbody>\n<\/table>\n","protected":false},"excerpt":{"rendered":"<p> &#8230; <a class=\"read-more\" href=\"http:\/\/livre-europeen.eu\/?p=11607\">en savoir plus<\/a><\/p>\n","protected":false},"author":1,"featured_media":11672,"comment_status":"closed","ping_status":"closed","sticky":false,"template":"","format":"standard","meta":{"footnotes":""},"categories":[313],"tags":[330],"genre":[],"annees":[856],"wps_subtitle":"Maxim Leo","_links":{"self":[{"href":"http:\/\/livre-europeen.eu\/index.php?rest_route=\/wp\/v2\/posts\/11607"}],"collection":[{"href":"http:\/\/livre-europeen.eu\/index.php?rest_route=\/wp\/v2\/posts"}],"about":[{"href":"http:\/\/livre-europeen.eu\/index.php?rest_route=\/wp\/v2\/types\/post"}],"author":[{"embeddable":true,"href":"http:\/\/livre-europeen.eu\/index.php?rest_route=\/wp\/v2\/users\/1"}],"replies":[{"embeddable":true,"href":"http:\/\/livre-europeen.eu\/index.php?rest_route=%2Fwp%2Fv2%2Fcomments&post=11607"}],"version-history":[{"count":4,"href":"http:\/\/livre-europeen.eu\/index.php?rest_route=\/wp\/v2\/posts\/11607\/revisions"}],"predecessor-version":[{"id":11690,"href":"http:\/\/livre-europeen.eu\/index.php?rest_route=\/wp\/v2\/posts\/11607\/revisions\/11690"}],"wp:featuredmedia":[{"embeddable":true,"href":"http:\/\/livre-europeen.eu\/index.php?rest_route=\/wp\/v2\/media\/11672"}],"wp:attachment":[{"href":"http:\/\/livre-europeen.eu\/index.php?rest_route=%2Fwp%2Fv2%2Fmedia&parent=11607"}],"wp:term":[{"taxonomy":"category","embeddable":true,"href":"http:\/\/livre-europeen.eu\/index.php?rest_route=%2Fwp%2Fv2%2Fcategories&post=11607"},{"taxonomy":"post_tag","embeddable":true,"href":"http:\/\/livre-europeen.eu\/index.php?rest_route=%2Fwp%2Fv2%2Ftags&post=11607"},{"taxonomy":"genre","embeddable":true,"href":"http:\/\/livre-europeen.eu\/index.php?rest_route=%2Fwp%2Fv2%2Fgenre&post=11607"},{"taxonomy":"annees","embeddable":true,"href":"http:\/\/livre-europeen.eu\/index.php?rest_route=%2Fwp%2Fv2%2Fannees&post=11607"}],"curies":[{"name":"wp","href":"https:\/\/api.w.org\/{rel}","templated":true}]}}