{"id":11384,"date":"2019-03-07T12:24:07","date_gmt":"2019-03-07T11:24:07","guid":{"rendered":"http:\/\/livre-europeen.eu\/?p=11384"},"modified":"2021-06-18T14:48:34","modified_gmt":"2021-06-18T13:48:34","slug":"un-chien-sur-la-route","status":"publish","type":"post","link":"http:\/\/livre-europeen.eu\/?p=11384","title":{"rendered":"Un chien sur la route"},"content":{"rendered":"<table class=\" aligncenter\" style=\"width: 1080px; border-style: none;\">\n<tbody>\n<tr>\n<td style=\"border-style: hidden; text-align: center; vertical-align: top; width: 262px;\">\n<h3>Pr\u00e9s\u00e9lection 2020<br \/>\npays : Slovaquie<\/h3>\n<p><img loading=\"lazy\" decoding=\"async\" class=\"alignnone size-full wp-image-11385\" src=\"http:\/\/livre-europeen.eu\/wp-content\/uploads\/2020\/07\/chien.jpg\" alt=\"\" width=\"250\" height=\"366\" srcset=\"http:\/\/livre-europeen.eu\/wp-content\/uploads\/2020\/07\/chien.jpg 250w, http:\/\/livre-europeen.eu\/wp-content\/uploads\/2020\/07\/chien-205x300.jpg 205w\" sizes=\"(max-width: 250px) 100vw, 250px\" \/><\/p>\n<p>&nbsp;<\/td>\n<td style=\"border-style: hidden; vertical-align: top; width: 786px;\">\n<h1>Un chien sur la route<\/h1>\n<h2>Pavel Vilikovsky<\/h2>\n<hr \/>\n<ul>\n<li><strong>Parution :<\/strong> 7 mars 2019<\/li>\n<li><strong>Editeur :<\/strong> Ph\u00e9bus<\/li>\n<li><strong>Pages : <\/strong>224<\/li>\n<\/ul>\n<hr \/>\n<p style=\"text-align: justify;\"><span class=\"su-dropcap su-dropcap-style-flat\" style=\"font-size:1.5em\">\u00ab<\/span>\n<p>Juste apr\u00e8s la chute du mur de Berlin, un intellectuel slovaque obs\u00e9d\u00e9 par Thomas Bernhard sillonne \u00ab l\u2019Europe des alentours \u00bb de son pays, principalement l\u2019Autriche et l\u2019Allemagne. Plus ou moins officiellement charg\u00e9 de promouvoir sa culture nationale, ce \u00ab Slovaque officiel \u00bb rencontre des publics au mieux curieux, sinon franchement indiff\u00e9rents. Jusqu\u2019au jour o\u00f9 sa route croise celle de la troublante Gr\u00e9tka, une Autrichienne install\u00e9e aux \u00c9tats-Unis.<\/td>\n<\/tr>\n<\/tbody>\n<\/table>\n","protected":false},"excerpt":{"rendered":"<p> &#8230; <a class=\"read-more\" href=\"http:\/\/livre-europeen.eu\/?p=11384\">en savoir plus<\/a><\/p>\n","protected":false},"author":1,"featured_media":11439,"comment_status":"closed","ping_status":"closed","sticky":false,"template":"","format":"standard","meta":{"footnotes":""},"categories":[313],"tags":[442],"genre":[],"annees":[850],"wps_subtitle":"Pavel Vilikovsky","_links":{"self":[{"href":"http:\/\/livre-europeen.eu\/index.php?rest_route=\/wp\/v2\/posts\/11384"}],"collection":[{"href":"http:\/\/livre-europeen.eu\/index.php?rest_route=\/wp\/v2\/posts"}],"about":[{"href":"http:\/\/livre-europeen.eu\/index.php?rest_route=\/wp\/v2\/types\/post"}],"author":[{"embeddable":true,"href":"http:\/\/livre-europeen.eu\/index.php?rest_route=\/wp\/v2\/users\/1"}],"replies":[{"embeddable":true,"href":"http:\/\/livre-europeen.eu\/index.php?rest_route=%2Fwp%2Fv2%2Fcomments&post=11384"}],"version-history":[{"count":1,"href":"http:\/\/livre-europeen.eu\/index.php?rest_route=\/wp\/v2\/posts\/11384\/revisions"}],"predecessor-version":[{"id":11386,"href":"http:\/\/livre-europeen.eu\/index.php?rest_route=\/wp\/v2\/posts\/11384\/revisions\/11386"}],"wp:featuredmedia":[{"embeddable":true,"href":"http:\/\/livre-europeen.eu\/index.php?rest_route=\/wp\/v2\/media\/11439"}],"wp:attachment":[{"href":"http:\/\/livre-europeen.eu\/index.php?rest_route=%2Fwp%2Fv2%2Fmedia&parent=11384"}],"wp:term":[{"taxonomy":"category","embeddable":true,"href":"http:\/\/livre-europeen.eu\/index.php?rest_route=%2Fwp%2Fv2%2Fcategories&post=11384"},{"taxonomy":"post_tag","embeddable":true,"href":"http:\/\/livre-europeen.eu\/index.php?rest_route=%2Fwp%2Fv2%2Ftags&post=11384"},{"taxonomy":"genre","embeddable":true,"href":"http:\/\/livre-europeen.eu\/index.php?rest_route=%2Fwp%2Fv2%2Fgenre&post=11384"},{"taxonomy":"annees","embeddable":true,"href":"http:\/\/livre-europeen.eu\/index.php?rest_route=%2Fwp%2Fv2%2Fannees&post=11384"}],"curies":[{"name":"wp","href":"https:\/\/api.w.org\/{rel}","templated":true}]}}