{"id":11377,"date":"2020-02-05T12:16:52","date_gmt":"2020-02-05T11:16:52","guid":{"rendered":"http:\/\/livre-europeen.eu\/?p=11377"},"modified":"2020-09-21T15:19:05","modified_gmt":"2020-09-21T14:19:05","slug":"fils-de-berlin","status":"publish","type":"post","link":"http:\/\/livre-europeen.eu\/?p=11377","title":{"rendered":"Fils de Berlin"},"content":{"rendered":"<table class=\" aligncenter\" style=\"width: 1080px; border-style: none;\">\n<tbody>\n<tr>\n<td style=\"border-style: hidden; text-align: center; vertical-align: top; width: 262px;\">\n<h3>Pr\u00e9s\u00e9lection 2020<br \/>\npays : Pays-Bas<\/h3>\n<p><img loading=\"lazy\" decoding=\"async\" class=\"alignnone size-full wp-image-11378\" src=\"http:\/\/livre-europeen.eu\/wp-content\/uploads\/2020\/07\/fils.jpg\" alt=\"\" width=\"200\" height=\"300\" \/><\/p>\n<p>&nbsp;<\/td>\n<td style=\"border-style: hidden; vertical-align: top; width: 786px;\">\n<h1>Fils de Berlin<\/h1>\n<h2>Karolien Berkvens<\/h2>\n<hr \/>\n<ul>\n<li><strong>Parution :<\/strong> 5 f\u00e9vrier 2020<\/li>\n<li><strong>Editeur :<\/strong> Globe<\/li>\n<li><strong>Pages : <\/strong>250<\/li>\n<\/ul>\n<hr \/>\n<p style=\"text-align: justify;\"><span class=\"su-dropcap su-dropcap-style-flat\" style=\"font-size:1.5em\">\u00ab<\/span>\n<p>O\u00f9 \u00e9tait Jakob Richter le 9 novembre 1989 ? \u00c0 la maternit\u00e9, au chevet de sa femme, Stephanie, qui s\u2019appr\u00eatait \u00e0 accoucher ? Ou sur le Mur de Berlin en train de s\u2019\u00e9crouler ? Dans son souvenir, il se trouvait aux deux endroits \u00e0 la fois, celui de la naissance et celui de la renaissance.<\/p>\n<p>Trente ans apr\u00e8s, quoi qu\u2019il en soit, son euphorie est retomb\u00e9e. Devenu membre du SPD, conseiller en urbanisme, Jakob doit naviguer entre les promoteurs immobiliers qui veulent faire de Berlin une vitrine pour riches et pour touristes, et les comit\u00e9s de riverains qui leur r\u00e9sistent. Fabian, lui, l\u2019enfant de la chute du Mur, vient de rencontrer Isa, une activiste de la lutte contre le changement climatique, d\u00e9cid\u00e9e \u00e0 le sortir de sa torpeur et de son cynisme d\u2019adolescent prolong\u00e9.<\/p>\n<p>Quant \u00e0 Stephanie, la m\u00e8re, victime d\u2019un accident en 2001, c\u2019est du fond de son coma \u00e9veill\u00e9 qu\u2019elle assiste aux affrontements entre les deux hommes. Et Paula, la pimpante aide \u00e0 domicile qui prend soin d\u2019elle, et gr\u00e2ce \u00e0 qui la famille tient debout tant bien que mal, vient d\u2019annoncer qu\u2019elle repart pour l\u2019Italie\u2026<\/p>\n<p>\u00c0 travers l\u2019histoire de cette famille atypique, \u00e9loquente, tonique, attachante, c\u2019est le destin de Berlin qui se dessine. La ville bless\u00e9e \u00e9tait unique au monde. R\u00e9par\u00e9e, va-t-elle ressembler aux autres ? Comment vivre ensemble quand l\u2019histoire commune ne suffit plus ? De quoi se parler quand on n\u2019est pas d\u2019accord sur l\u2019essentiel ? Comment rester soi-m\u00eame dans un d\u00e9cor boulevers\u00e9 ?<\/td>\n<\/tr>\n<\/tbody>\n<\/table>\n","protected":false},"excerpt":{"rendered":"<p> &#8230; <a class=\"read-more\" href=\"http:\/\/livre-europeen.eu\/?p=11377\">en savoir plus<\/a><\/p>\n","protected":false},"author":1,"featured_media":11441,"comment_status":"closed","ping_status":"closed","sticky":false,"template":"","format":"standard","meta":{"footnotes":""},"categories":[313],"tags":[334],"genre":[],"annees":[576],"wps_subtitle":"Karolien Berkvens","_links":{"self":[{"href":"http:\/\/livre-europeen.eu\/index.php?rest_route=\/wp\/v2\/posts\/11377"}],"collection":[{"href":"http:\/\/livre-europeen.eu\/index.php?rest_route=\/wp\/v2\/posts"}],"about":[{"href":"http:\/\/livre-europeen.eu\/index.php?rest_route=\/wp\/v2\/types\/post"}],"author":[{"embeddable":true,"href":"http:\/\/livre-europeen.eu\/index.php?rest_route=\/wp\/v2\/users\/1"}],"replies":[{"embeddable":true,"href":"http:\/\/livre-europeen.eu\/index.php?rest_route=%2Fwp%2Fv2%2Fcomments&post=11377"}],"version-history":[{"count":1,"href":"http:\/\/livre-europeen.eu\/index.php?rest_route=\/wp\/v2\/posts\/11377\/revisions"}],"predecessor-version":[{"id":11379,"href":"http:\/\/livre-europeen.eu\/index.php?rest_route=\/wp\/v2\/posts\/11377\/revisions\/11379"}],"wp:featuredmedia":[{"embeddable":true,"href":"http:\/\/livre-europeen.eu\/index.php?rest_route=\/wp\/v2\/media\/11441"}],"wp:attachment":[{"href":"http:\/\/livre-europeen.eu\/index.php?rest_route=%2Fwp%2Fv2%2Fmedia&parent=11377"}],"wp:term":[{"taxonomy":"category","embeddable":true,"href":"http:\/\/livre-europeen.eu\/index.php?rest_route=%2Fwp%2Fv2%2Fcategories&post=11377"},{"taxonomy":"post_tag","embeddable":true,"href":"http:\/\/livre-europeen.eu\/index.php?rest_route=%2Fwp%2Fv2%2Ftags&post=11377"},{"taxonomy":"genre","embeddable":true,"href":"http:\/\/livre-europeen.eu\/index.php?rest_route=%2Fwp%2Fv2%2Fgenre&post=11377"},{"taxonomy":"annees","embeddable":true,"href":"http:\/\/livre-europeen.eu\/index.php?rest_route=%2Fwp%2Fv2%2Fannees&post=11377"}],"curies":[{"name":"wp","href":"https:\/\/api.w.org\/{rel}","templated":true}]}}