{"id":11368,"date":"2019-08-28T12:09:54","date_gmt":"2019-08-28T11:09:54","guid":{"rendered":"http:\/\/livre-europeen.eu\/?p=11368"},"modified":"2020-09-21T15:23:27","modified_gmt":"2020-09-21T14:23:27","slug":"appia","status":"publish","type":"post","link":"http:\/\/livre-europeen.eu\/?p=11368","title":{"rendered":"Appia"},"content":{"rendered":"<table class=\" aligncenter\" style=\"width: 1080px; border-style: none;\">\n<tbody>\n<tr>\n<td style=\"border-style: hidden; text-align: center; vertical-align: top; width: 262px;\">\n<h3>Pr\u00e9s\u00e9lection 2020<br \/>\npays : Italie<\/h3>\n<p><img loading=\"lazy\" decoding=\"async\" class=\"alignnone size-full wp-image-11369\" src=\"http:\/\/livre-europeen.eu\/wp-content\/uploads\/2020\/07\/appia.jpg\" alt=\"\" width=\"293\" height=\"456\" srcset=\"http:\/\/livre-europeen.eu\/wp-content\/uploads\/2020\/07\/appia.jpg 293w, http:\/\/livre-europeen.eu\/wp-content\/uploads\/2020\/07\/appia-193x300.jpg 193w\" sizes=\"(max-width: 293px) 100vw, 293px\" \/><\/p>\n<p>&nbsp;<\/td>\n<td style=\"border-style: hidden; vertical-align: top; width: 786px;\">\n<h1>Appia<\/h1>\n<h2>\u00a0Paolo Rumiz<\/h2>\n<hr \/>\n<ul>\n<li><strong>Parution :<\/strong> 28 ao\u00fbt 2019<\/li>\n<li><strong>Editeur :<\/strong> Arthaud<\/li>\n<li><strong>Pages : <\/strong>528<\/li>\n<\/ul>\n<hr \/>\n<p style=\"text-align: justify;\"><span class=\"su-dropcap su-dropcap-style-flat\" style=\"font-size:1.5em\">\u00ab<\/span>\n<p>\u00ab De notre aventure, je ne sais pas ce qui est rest\u00e9 le plus clairement imprim\u00e9 dans mon esprit : les visages ou les paysages, les pierres que nous avons vues ou les atmosph\u00e8res que nous avons flair\u00e9es en chemin. Ce qui est s\u00fbr, c\u2019est que ce voyage a \u00e9t\u00e9 le plus terre \u00e0 terre et en m\u00eame temps le plus visionnaire de tous ceux que j\u2019ai faits. Tandis que le poids de mon sac \u00e0 dos m\u2019ancrait fermement au sol, ma t\u00eate vagabondait parmi les nuages, \u00e0 la mani\u00e8re d\u2019un cerf-volant, et en m\u00eame temps la bonne ch\u00e8re m\u00e9diterran\u00e9enne provoquait d\u2019app\u00e9tissants courts-circuits avec l\u2019Histoire. \u00bb<\/p>\n<p>Dans cette bible voyageuse, Paolo Rumiz ressuscite la Via Appia, vingt-trois si\u00e8cles apr\u00e8s sa construction. Apr\u00e8s six cent douze kilom\u00e8tres et vingt-neuf jours de marche, Rumiz d\u00e9gage cette voie l\u00e9gendaire des toiles d\u2019araign\u00e9es sous lesquelles l\u2019oubli et l\u2019incurie l\u2019avaient ensevelie. Pas apr\u00e8s pas, il nous conduit vers les merveilles cach\u00e9es de la m\u00e8re de toutes les routes, plus ancienne et plus vari\u00e9e que le chemin de Compostelle. Ce r\u00e9cit passionnant propose, pour la premi\u00e8re fois, une cartographie compl\u00e8te de ce parcours mythique reliant Rome \u00e0 la M\u00e9diterran\u00e9e. En restituant la Via Appia au patrimoine europ\u00e9en, Paolo Rumiz esp\u00e8re \u00ab qu\u2019une arm\u00e9e de voyageurs vienne \u00e0 leur tour suivre ce fil d\u2019Ariane qui serpente \u00e0 travers les splendeurs de l\u2019Italie m\u00e9ridionale \u00bb.<\/td>\n<\/tr>\n<\/tbody>\n<\/table>\n","protected":false},"excerpt":{"rendered":"<p> &#8230; <a class=\"read-more\" href=\"http:\/\/livre-europeen.eu\/?p=11368\">en savoir plus<\/a><\/p>\n","protected":false},"author":1,"featured_media":11444,"comment_status":"closed","ping_status":"closed","sticky":false,"template":"","format":"standard","meta":{"footnotes":""},"categories":[313],"tags":[367],"genre":[],"annees":[576],"wps_subtitle":" Paolo Rumiz","_links":{"self":[{"href":"http:\/\/livre-europeen.eu\/index.php?rest_route=\/wp\/v2\/posts\/11368"}],"collection":[{"href":"http:\/\/livre-europeen.eu\/index.php?rest_route=\/wp\/v2\/posts"}],"about":[{"href":"http:\/\/livre-europeen.eu\/index.php?rest_route=\/wp\/v2\/types\/post"}],"author":[{"embeddable":true,"href":"http:\/\/livre-europeen.eu\/index.php?rest_route=\/wp\/v2\/users\/1"}],"replies":[{"embeddable":true,"href":"http:\/\/livre-europeen.eu\/index.php?rest_route=%2Fwp%2Fv2%2Fcomments&post=11368"}],"version-history":[{"count":1,"href":"http:\/\/livre-europeen.eu\/index.php?rest_route=\/wp\/v2\/posts\/11368\/revisions"}],"predecessor-version":[{"id":11370,"href":"http:\/\/livre-europeen.eu\/index.php?rest_route=\/wp\/v2\/posts\/11368\/revisions\/11370"}],"wp:featuredmedia":[{"embeddable":true,"href":"http:\/\/livre-europeen.eu\/index.php?rest_route=\/wp\/v2\/media\/11444"}],"wp:attachment":[{"href":"http:\/\/livre-europeen.eu\/index.php?rest_route=%2Fwp%2Fv2%2Fmedia&parent=11368"}],"wp:term":[{"taxonomy":"category","embeddable":true,"href":"http:\/\/livre-europeen.eu\/index.php?rest_route=%2Fwp%2Fv2%2Fcategories&post=11368"},{"taxonomy":"post_tag","embeddable":true,"href":"http:\/\/livre-europeen.eu\/index.php?rest_route=%2Fwp%2Fv2%2Ftags&post=11368"},{"taxonomy":"genre","embeddable":true,"href":"http:\/\/livre-europeen.eu\/index.php?rest_route=%2Fwp%2Fv2%2Fgenre&post=11368"},{"taxonomy":"annees","embeddable":true,"href":"http:\/\/livre-europeen.eu\/index.php?rest_route=%2Fwp%2Fv2%2Fannees&post=11368"}],"curies":[{"name":"wp","href":"https:\/\/api.w.org\/{rel}","templated":true}]}}