{"id":11365,"date":"2019-11-07T12:07:16","date_gmt":"2019-11-07T11:07:16","guid":{"rendered":"http:\/\/livre-europeen.eu\/?p=11365"},"modified":"2020-09-21T15:24:45","modified_gmt":"2020-09-21T14:24:45","slug":"paris-berlin-la-survie-de-leurope","status":"publish","type":"post","link":"http:\/\/livre-europeen.eu\/?p=11365","title":{"rendered":"Paris-Berlin : la survie de l\u2019Europe"},"content":{"rendered":"<table class=\" aligncenter\" style=\"width: 1080px; border-style: none;\">\n<tbody>\n<tr>\n<td style=\"border-style: hidden; text-align: center; vertical-align: top; width: 262px;\">\n<h3>Pr\u00e9s\u00e9lection 2020<br \/>\npays : France<\/h3>\n<p><img loading=\"lazy\" decoding=\"async\" class=\"alignnone size-full wp-image-11366\" src=\"http:\/\/livre-europeen.eu\/wp-content\/uploads\/2020\/07\/berlin.jpg\" alt=\"\" width=\"1418\" height=\"2078\" srcset=\"http:\/\/livre-europeen.eu\/wp-content\/uploads\/2020\/07\/berlin.jpg 1418w, http:\/\/livre-europeen.eu\/wp-content\/uploads\/2020\/07\/berlin-205x300.jpg 205w, http:\/\/livre-europeen.eu\/wp-content\/uploads\/2020\/07\/berlin-699x1024.jpg 699w, http:\/\/livre-europeen.eu\/wp-content\/uploads\/2020\/07\/berlin-768x1125.jpg 768w, http:\/\/livre-europeen.eu\/wp-content\/uploads\/2020\/07\/berlin-1048x1536.jpg 1048w, http:\/\/livre-europeen.eu\/wp-content\/uploads\/2020\/07\/berlin-1398x2048.jpg 1398w\" sizes=\"(max-width: 1418px) 100vw, 1418px\" \/><\/p>\n<p>&nbsp;<\/td>\n<td style=\"border-style: hidden; vertical-align: top; width: 786px;\">\n<h1>Paris-Berlin : la survie de l\u2019Europe<\/h1>\n<h2>Edouard Husson<\/h2>\n<hr \/>\n<ul>\n<li><strong>Parution :<\/strong> 7 novembre 2019<\/li>\n<li><strong>Editeur :<\/strong> Gallimard<\/li>\n<li><strong>Pages : <\/strong>416<\/li>\n<\/ul>\n<hr \/>\n<p style=\"text-align: justify;\"><span class=\"su-dropcap su-dropcap-style-flat\" style=\"font-size:1.5em\">\u00ab<\/span>\n<p>Trente ans apr\u00e8s la chute du Mur, de nouvelles et profondes fractures menacent l\u2019Europe, le duo franco-allemand qui en a \u00e9t\u00e9 le moteur, et l\u2019Allemagne elle-m\u00eame. Face au Brexit ou aux app\u00e9tits des \u00c9tats-Unis et de la Chine, il est vital que les deux riverains du Rhin reb\u00e2tissent leur partenariat.<br \/>\nPour cela, ils doivent r\u00e9apprendre \u00e0 se conna\u00eetre.<br \/>\nOr pr\u00e9vaut aujourd\u2019hui un double malentendu : la France observe l\u2019Allemagne avec passion, que ce soit pour la ha\u00efr ou l\u2019imiter, tandis que celle-ci h\u00e9site entre admiration et condescendance, sans qu\u2019aucune ne comprenne vraiment plus l\u2019autre \u2013 notamment les \u00e9lites fran\u00e7aises qui ont une vision d\u00e9pass\u00e9e de notre voisin.<br \/>\nCet ouvrage porte sur l\u2019Allemagne un regard incisif, nourri d\u2019une profonde connaissance de sa culture et de sa politique, d\u2019exp\u00e9riences, et de rencontres. Il la met en perspective depuis la fin du nazisme puis du communisme, en passant par la r\u00e9unification, jusqu\u2019au long mandat de la chanceli\u00e8re Merkel, confront\u00e9e au d\u00e9fi migratoire et \u00e0 la r\u00e9surgence de l\u2019extr\u00eame droite tandis que le mod\u00e8le \u00e9conomique et social, autrefois tant admir\u00e9, atteint ses limites.<br \/>\nCe plaidoyer nous \u00e9claire sur les pistes que peuvent frayer ensemble Paris et Berlin pour assurer le sursaut de l\u2019Europe.<\/td>\n<\/tr>\n<\/tbody>\n<\/table>\n","protected":false},"excerpt":{"rendered":"<p> &#8230; <a class=\"read-more\" href=\"http:\/\/livre-europeen.eu\/?p=11365\">en savoir plus<\/a><\/p>\n","protected":false},"author":1,"featured_media":11445,"comment_status":"closed","ping_status":"closed","sticky":false,"template":"","format":"standard","meta":{"footnotes":""},"categories":[313],"tags":[388],"genre":[],"annees":[576],"wps_subtitle":"Edouard Husson","_links":{"self":[{"href":"http:\/\/livre-europeen.eu\/index.php?rest_route=\/wp\/v2\/posts\/11365"}],"collection":[{"href":"http:\/\/livre-europeen.eu\/index.php?rest_route=\/wp\/v2\/posts"}],"about":[{"href":"http:\/\/livre-europeen.eu\/index.php?rest_route=\/wp\/v2\/types\/post"}],"author":[{"embeddable":true,"href":"http:\/\/livre-europeen.eu\/index.php?rest_route=\/wp\/v2\/users\/1"}],"replies":[{"embeddable":true,"href":"http:\/\/livre-europeen.eu\/index.php?rest_route=%2Fwp%2Fv2%2Fcomments&post=11365"}],"version-history":[{"count":1,"href":"http:\/\/livre-europeen.eu\/index.php?rest_route=\/wp\/v2\/posts\/11365\/revisions"}],"predecessor-version":[{"id":11367,"href":"http:\/\/livre-europeen.eu\/index.php?rest_route=\/wp\/v2\/posts\/11365\/revisions\/11367"}],"wp:featuredmedia":[{"embeddable":true,"href":"http:\/\/livre-europeen.eu\/index.php?rest_route=\/wp\/v2\/media\/11445"}],"wp:attachment":[{"href":"http:\/\/livre-europeen.eu\/index.php?rest_route=%2Fwp%2Fv2%2Fmedia&parent=11365"}],"wp:term":[{"taxonomy":"category","embeddable":true,"href":"http:\/\/livre-europeen.eu\/index.php?rest_route=%2Fwp%2Fv2%2Fcategories&post=11365"},{"taxonomy":"post_tag","embeddable":true,"href":"http:\/\/livre-europeen.eu\/index.php?rest_route=%2Fwp%2Fv2%2Ftags&post=11365"},{"taxonomy":"genre","embeddable":true,"href":"http:\/\/livre-europeen.eu\/index.php?rest_route=%2Fwp%2Fv2%2Fgenre&post=11365"},{"taxonomy":"annees","embeddable":true,"href":"http:\/\/livre-europeen.eu\/index.php?rest_route=%2Fwp%2Fv2%2Fannees&post=11365"}],"curies":[{"name":"wp","href":"https:\/\/api.w.org\/{rel}","templated":true}]}}