{"id":11356,"date":"2019-04-10T11:56:53","date_gmt":"2019-04-10T10:56:53","guid":{"rendered":"http:\/\/livre-europeen.eu\/?p=11356"},"modified":"2020-07-23T11:59:27","modified_gmt":"2020-07-23T10:59:27","slug":"le-vertige-de-leurope","status":"publish","type":"post","link":"http:\/\/livre-europeen.eu\/?p=11356","title":{"rendered":"Le vertige de l\u2019Europe"},"content":{"rendered":"<table class=\" aligncenter\" style=\"width: 1080px; border-style: none;\">\n<tbody>\n<tr>\n<td style=\"border-style: hidden; text-align: center; vertical-align: top; width: 262px;\">\n<h3>Pr\u00e9s\u00e9lection 2020<br \/>\npays : France<\/h3>\n<p><img loading=\"lazy\" decoding=\"async\" class=\"alignnone size-full wp-image-11357\" src=\"http:\/\/livre-europeen.eu\/wp-content\/uploads\/2020\/07\/vertige.jpg\" alt=\"\" width=\"675\" height=\"1080\" srcset=\"http:\/\/livre-europeen.eu\/wp-content\/uploads\/2020\/07\/vertige.jpg 675w, http:\/\/livre-europeen.eu\/wp-content\/uploads\/2020\/07\/vertige-188x300.jpg 188w, http:\/\/livre-europeen.eu\/wp-content\/uploads\/2020\/07\/vertige-640x1024.jpg 640w\" sizes=\"(max-width: 675px) 100vw, 675px\" \/><\/p>\n<p>&nbsp;<\/td>\n<td style=\"border-style: hidden; vertical-align: top; width: 786px;\">\n<h1>Le vertige de l\u2019Europe<\/h1>\n<h2>Olivier Abel<\/h2>\n<hr \/>\n<ul>\n<li><strong>Parution :<\/strong> 10 avril 2019<\/li>\n<li><strong>Editeur :\u00a0<\/strong>Labor et Fides<\/li>\n<li><strong>Pages : <\/strong>200<\/li>\n<\/ul>\n<hr \/>\n<p style=\"text-align: justify;\"><span class=\"su-dropcap su-dropcap-style-flat\" style=\"font-size:1.5em\">\u00ab<\/span>\n<p>En trente ans, La justification de l\u2019Europe a bien chang\u00e9 : en 1989, son utopie motrice en faisait une soci\u00e9t\u00e9 ouverte. L\u2019Europe attirait ses alentours et tendait les bras aux pays de l\u2019Est. Ce qui a fait l\u2019originalit\u00e9 de l\u2019Europe, son identit\u00e9, son id\u00e9e, c\u2019est que ses sources ont toujours \u00e9t\u00e9 plurielles, mixtes, entrelac\u00e9es. Mais aujourd\u2019hui, le fracas de l\u2019Europe se traduit \u00e0 la fois par des d\u00e9magogies nationalistes, qui d\u00e9nient cette mixit\u00e9, ainsi que par le scepticisme n\u00e9olib\u00e9ral et techniciste, qui pr\u00e9tend faire le vide de toute id\u00e9ologie, de toute utopie, de toute tradition. Comment, dans ce vertige, repenser l\u2019Europe ? Il semble indispen-<br \/>\nsable d\u2019aller d\u00e9sormais au bout de ce pluralisme : pluralisme politique d\u2019un espace commun sur lequel coexisteraient plusieurs \u00c9tats et qui inventerait une nouvelle forme de fronti\u00e8re ; pluralisme \u00e9conomique d\u2019un march\u00e9 qui favorise-<br \/>\nrait la diversit\u00e9 des formes de vies, de cohabitations, de communs ; pluralisme culturel qui ferait place \u00e0 la multiplicit\u00e9 inachev\u00e9e des traditions, langues et imaginaires.<br \/>\nDans cet essai \u00e0 la fois lucide et percutant, Olivier Abel nous offre une r\u00e9flexion ambitieuse sur la vivacit\u00e9 de la vieille Europe.<\/td>\n<\/tr>\n<\/tbody>\n<\/table>\n","protected":false},"excerpt":{"rendered":"<p> &#8230; <a class=\"read-more\" href=\"http:\/\/livre-europeen.eu\/?p=11356\">en savoir plus<\/a><\/p>\n","protected":false},"author":1,"featured_media":11357,"comment_status":"closed","ping_status":"closed","sticky":false,"template":"","format":"standard","meta":{"footnotes":""},"categories":[313],"tags":[388],"genre":[],"annees":[576],"wps_subtitle":"Olivier Abel","_links":{"self":[{"href":"http:\/\/livre-europeen.eu\/index.php?rest_route=\/wp\/v2\/posts\/11356"}],"collection":[{"href":"http:\/\/livre-europeen.eu\/index.php?rest_route=\/wp\/v2\/posts"}],"about":[{"href":"http:\/\/livre-europeen.eu\/index.php?rest_route=\/wp\/v2\/types\/post"}],"author":[{"embeddable":true,"href":"http:\/\/livre-europeen.eu\/index.php?rest_route=\/wp\/v2\/users\/1"}],"replies":[{"embeddable":true,"href":"http:\/\/livre-europeen.eu\/index.php?rest_route=%2Fwp%2Fv2%2Fcomments&post=11356"}],"version-history":[{"count":1,"href":"http:\/\/livre-europeen.eu\/index.php?rest_route=\/wp\/v2\/posts\/11356\/revisions"}],"predecessor-version":[{"id":11358,"href":"http:\/\/livre-europeen.eu\/index.php?rest_route=\/wp\/v2\/posts\/11356\/revisions\/11358"}],"wp:featuredmedia":[{"embeddable":true,"href":"http:\/\/livre-europeen.eu\/index.php?rest_route=\/wp\/v2\/media\/11357"}],"wp:attachment":[{"href":"http:\/\/livre-europeen.eu\/index.php?rest_route=%2Fwp%2Fv2%2Fmedia&parent=11356"}],"wp:term":[{"taxonomy":"category","embeddable":true,"href":"http:\/\/livre-europeen.eu\/index.php?rest_route=%2Fwp%2Fv2%2Fcategories&post=11356"},{"taxonomy":"post_tag","embeddable":true,"href":"http:\/\/livre-europeen.eu\/index.php?rest_route=%2Fwp%2Fv2%2Ftags&post=11356"},{"taxonomy":"genre","embeddable":true,"href":"http:\/\/livre-europeen.eu\/index.php?rest_route=%2Fwp%2Fv2%2Fgenre&post=11356"},{"taxonomy":"annees","embeddable":true,"href":"http:\/\/livre-europeen.eu\/index.php?rest_route=%2Fwp%2Fv2%2Fannees&post=11356"}],"curies":[{"name":"wp","href":"https:\/\/api.w.org\/{rel}","templated":true}]}}