{"id":11343,"date":"2020-02-12T11:43:04","date_gmt":"2020-02-12T10:43:04","guid":{"rendered":"http:\/\/livre-europeen.eu\/?p=11343"},"modified":"2020-09-21T17:17:15","modified_gmt":"2020-09-21T16:17:15","slug":"lisiere","status":"publish","type":"post","link":"http:\/\/livre-europeen.eu\/?p=11343","title":{"rendered":"Lisi\u00e8re"},"content":{"rendered":"<table class=\" aligncenter\" style=\"width: 1080px; border-style: none;\">\n<tbody>\n<tr>\n<td style=\"border-style: hidden; text-align: center; vertical-align: top; width: 262px;\">\n<h3>Pr\u00e9s\u00e9lection 2020<br \/>\npays : Bulgarie<\/h3>\n<p><img loading=\"lazy\" decoding=\"async\" class=\"alignnone size-full wp-image-11345\" src=\"http:\/\/livre-europeen.eu\/wp-content\/uploads\/2020\/07\/Lisiere-Kassabova.jpg\" alt=\"\" width=\"640\" height=\"923\" srcset=\"http:\/\/livre-europeen.eu\/wp-content\/uploads\/2020\/07\/Lisiere-Kassabova.jpg 640w, http:\/\/livre-europeen.eu\/wp-content\/uploads\/2020\/07\/Lisiere-Kassabova-208x300.jpg 208w\" sizes=\"(max-width: 640px) 100vw, 640px\" \/><\/p>\n<p>&nbsp;<\/td>\n<td style=\"border-style: hidden; vertical-align: top; width: 786px;\">\n<h1>Lisi\u00e8re<\/h1>\n<h2>Kapka Kassabova<\/h2>\n<hr \/>\n<ul>\n<li><strong>Parution :<\/strong> 12 f\u00e9vrier 2020<\/li>\n<li><strong>Editeur :\u00a0<\/strong>Marchialy<\/li>\n<li><strong>Pages : <\/strong>409<\/li>\n<\/ul>\n<hr \/>\n<p style=\"text-align: justify;\"><span class=\"su-dropcap su-dropcap-style-flat\" style=\"font-size:1.5em\">\u00ab<\/span> Quand Kapka Kassabova retourne en Bulgarie, son pays natal, pour la premi\u00e8re fois depuis vingt-cinq ans, c\u2019est \u00e0 la fronti\u00e8re avec la Turquie et la Gr\u00e8ce qu\u2019elle se rend. Une zone inaccessible lorsqu\u2019elle \u00e9tait enfant et que la guerre froide battait son plein, un carrefour qui grouillait de militaires et d\u2019espions.<br \/>\nAu gr\u00e9 de son voyage, l\u2019autrice d\u00e9couvre les lieux qui furent domin\u00e9s par des forces successives, de l\u2019Empire ottoman au r\u00e9gime sovi\u00e9tique, et baign\u00e9s de mythes et de l\u00e9gendes. Son livre est peupl\u00e9 de magnifiques portraits de contrebandiers, chasseurs de tr\u00e9sors, botanistes et gardes-fronti\u00e8res, et aussi de migrants.<br \/>\nLisi\u00e8re est \u00e0 la fois le r\u00e9cit d\u2019une immersion dans les coulisses de l\u2019Histoire, un regard neuf sur la crise migratoire en Europe et une plong\u00e9e au coeur de g\u00e9ographies intimes. Il se situe \u00e0 mi-chemin entre les oeuvres de Ryszard Kapuscinski et de Svetalana Alexievitch.<\/p>\n<\/td>\n<\/tr>\n<\/tbody>\n<\/table>\n","protected":false},"excerpt":{"rendered":"<p> &#8230; <a class=\"read-more\" href=\"http:\/\/livre-europeen.eu\/?p=11343\">en savoir plus<\/a><\/p>\n","protected":false},"author":1,"featured_media":11451,"comment_status":"closed","ping_status":"closed","sticky":false,"template":"","format":"standard","meta":{"footnotes":""},"categories":[313,315],"tags":[426],"genre":[],"annees":[576],"wps_subtitle":"Kapka Kassabova","_links":{"self":[{"href":"http:\/\/livre-europeen.eu\/index.php?rest_route=\/wp\/v2\/posts\/11343"}],"collection":[{"href":"http:\/\/livre-europeen.eu\/index.php?rest_route=\/wp\/v2\/posts"}],"about":[{"href":"http:\/\/livre-europeen.eu\/index.php?rest_route=\/wp\/v2\/types\/post"}],"author":[{"embeddable":true,"href":"http:\/\/livre-europeen.eu\/index.php?rest_route=\/wp\/v2\/users\/1"}],"replies":[{"embeddable":true,"href":"http:\/\/livre-europeen.eu\/index.php?rest_route=%2Fwp%2Fv2%2Fcomments&post=11343"}],"version-history":[{"count":1,"href":"http:\/\/livre-europeen.eu\/index.php?rest_route=\/wp\/v2\/posts\/11343\/revisions"}],"predecessor-version":[{"id":11346,"href":"http:\/\/livre-europeen.eu\/index.php?rest_route=\/wp\/v2\/posts\/11343\/revisions\/11346"}],"wp:featuredmedia":[{"embeddable":true,"href":"http:\/\/livre-europeen.eu\/index.php?rest_route=\/wp\/v2\/media\/11451"}],"wp:attachment":[{"href":"http:\/\/livre-europeen.eu\/index.php?rest_route=%2Fwp%2Fv2%2Fmedia&parent=11343"}],"wp:term":[{"taxonomy":"category","embeddable":true,"href":"http:\/\/livre-europeen.eu\/index.php?rest_route=%2Fwp%2Fv2%2Fcategories&post=11343"},{"taxonomy":"post_tag","embeddable":true,"href":"http:\/\/livre-europeen.eu\/index.php?rest_route=%2Fwp%2Fv2%2Ftags&post=11343"},{"taxonomy":"genre","embeddable":true,"href":"http:\/\/livre-europeen.eu\/index.php?rest_route=%2Fwp%2Fv2%2Fgenre&post=11343"},{"taxonomy":"annees","embeddable":true,"href":"http:\/\/livre-europeen.eu\/index.php?rest_route=%2Fwp%2Fv2%2Fannees&post=11343"}],"curies":[{"name":"wp","href":"https:\/\/api.w.org\/{rel}","templated":true}]}}