{"id":11317,"date":"2019-10-03T11:03:31","date_gmt":"2019-10-03T10:03:31","guid":{"rendered":"http:\/\/livre-europeen.eu\/?p=11317"},"modified":"2020-09-21T17:17:03","modified_gmt":"2020-09-21T16:17:03","slug":"la-maison-allemande","status":"publish","type":"post","link":"http:\/\/livre-europeen.eu\/?p=11317","title":{"rendered":"La maison allemande"},"content":{"rendered":"<table class=\" aligncenter\" style=\"width: 1080px; border-style: none;\">\n<tbody>\n<tr>\n<td style=\"border-style: hidden; text-align: center; vertical-align: top; width: 262px;\">\n<h3>Pr\u00e9s\u00e9lection 2020<br \/>\npays : Allemagne<\/h3>\n<p>&nbsp;<\/p>\n<p><img loading=\"lazy\" decoding=\"async\" class=\"alignnone wp-image-11318 size-full\" src=\"http:\/\/livre-europeen.eu\/wp-content\/uploads\/2020\/07\/CVT_La-maison-allemande_9013.jpg\" alt=\"\" width=\"250\" height=\"472\" srcset=\"http:\/\/livre-europeen.eu\/wp-content\/uploads\/2020\/07\/CVT_La-maison-allemande_9013.jpg 250w, http:\/\/livre-europeen.eu\/wp-content\/uploads\/2020\/07\/CVT_La-maison-allemande_9013-159x300.jpg 159w\" sizes=\"(max-width: 250px) 100vw, 250px\" \/><\/p>\n<p>&nbsp;<\/td>\n<td style=\"border-style: hidden; vertical-align: top; width: 786px;\">\n<h1>La maison allemande<\/h1>\n<h2>Annette Hess<\/h2>\n<hr \/>\n<ul>\n<li><strong>Parution : <\/strong>3 octobre 2019<\/li>\n<li><strong>Editeur : <\/strong>Actes Sud<\/li>\n<li><strong>Pages : <\/strong>307<\/li>\n<\/ul>\n<hr \/>\n<p style=\"text-align: justify;\"><span class=\"su-dropcap su-dropcap-style-flat\" style=\"font-size:1.5em\">\u00ab<\/span> Francfort, au d\u00e9but des ann\u00e9es 1960. Eva Bruhns est une jeune femme sans histoire : interpr\u00e8te du polonais, elle est requise pour traduire les d\u00e9positions de t\u00e9moins au second proc\u00e8s d\u2019Auschwitz qui vient de s&rsquo;ouvrir afin de traduire en justice les crimes de dignitaires nazis. Si elle voit d&rsquo;abord dans ce travail l&rsquo;occasion de conqu\u00e9rir une autonomie financi\u00e8re in\u00e9dite, les r\u00e9v\u00e9lations auxquelles le proc\u00e8s la confrontent ne tardent pas \u00e0 la bouleverser&#8230;<\/p>\n<\/td>\n<\/tr>\n<\/tbody>\n<\/table>\n","protected":false},"excerpt":{"rendered":"<p> &#8230; <a class=\"read-more\" href=\"http:\/\/livre-europeen.eu\/?p=11317\">en savoir plus<\/a><\/p>\n","protected":false},"author":1,"featured_media":11457,"comment_status":"closed","ping_status":"closed","sticky":false,"template":"","format":"standard","meta":{"footnotes":""},"categories":[313,315],"tags":[330],"genre":[],"annees":[576],"wps_subtitle":"Annette Hess","_links":{"self":[{"href":"http:\/\/livre-europeen.eu\/index.php?rest_route=\/wp\/v2\/posts\/11317"}],"collection":[{"href":"http:\/\/livre-europeen.eu\/index.php?rest_route=\/wp\/v2\/posts"}],"about":[{"href":"http:\/\/livre-europeen.eu\/index.php?rest_route=\/wp\/v2\/types\/post"}],"author":[{"embeddable":true,"href":"http:\/\/livre-europeen.eu\/index.php?rest_route=\/wp\/v2\/users\/1"}],"replies":[{"embeddable":true,"href":"http:\/\/livre-europeen.eu\/index.php?rest_route=%2Fwp%2Fv2%2Fcomments&post=11317"}],"version-history":[{"count":3,"href":"http:\/\/livre-europeen.eu\/index.php?rest_route=\/wp\/v2\/posts\/11317\/revisions"}],"predecessor-version":[{"id":11323,"href":"http:\/\/livre-europeen.eu\/index.php?rest_route=\/wp\/v2\/posts\/11317\/revisions\/11323"}],"wp:featuredmedia":[{"embeddable":true,"href":"http:\/\/livre-europeen.eu\/index.php?rest_route=\/wp\/v2\/media\/11457"}],"wp:attachment":[{"href":"http:\/\/livre-europeen.eu\/index.php?rest_route=%2Fwp%2Fv2%2Fmedia&parent=11317"}],"wp:term":[{"taxonomy":"category","embeddable":true,"href":"http:\/\/livre-europeen.eu\/index.php?rest_route=%2Fwp%2Fv2%2Fcategories&post=11317"},{"taxonomy":"post_tag","embeddable":true,"href":"http:\/\/livre-europeen.eu\/index.php?rest_route=%2Fwp%2Fv2%2Ftags&post=11317"},{"taxonomy":"genre","embeddable":true,"href":"http:\/\/livre-europeen.eu\/index.php?rest_route=%2Fwp%2Fv2%2Fgenre&post=11317"},{"taxonomy":"annees","embeddable":true,"href":"http:\/\/livre-europeen.eu\/index.php?rest_route=%2Fwp%2Fv2%2Fannees&post=11317"}],"curies":[{"name":"wp","href":"https:\/\/api.w.org\/{rel}","templated":true}]}}