{"id":11274,"date":"2020-07-21T15:09:40","date_gmt":"2020-07-21T14:09:40","guid":{"rendered":"http:\/\/livre-europeen.eu\/?p=11274"},"modified":"2020-07-23T16:40:18","modified_gmt":"2020-07-23T15:40:18","slug":"manuel-valls","status":"publish","type":"post","link":"http:\/\/livre-europeen.eu\/?p=11274","title":{"rendered":"Manuel Valls"},"content":{"rendered":"<div class=\"block -medium main\">\n<div class=\"inner\">\n<div class=\"tabs -js-tabs\">\n<table class=\" aligncenter\" style=\"width: 143.143%; border-style: none;\">\n<tbody>\n<tr>\n<td style=\"border-style: hidden; text-align: center; vertical-align: top; width: 25.7169%;\">\n<h3>Membre du comit\u00e9<br \/>\nde parrainage 2020<\/h3>\n<h4>pays : Espagne<\/h4>\n<p>&nbsp;<\/p>\n<p><img loading=\"lazy\" decoding=\"async\" class=\"alignnone size-thumbnail wp-image-11394\" src=\"http:\/\/livre-europeen.eu\/wp-content\/uploads\/2020\/07\/valls-1-150x150.jpeg\" alt=\"\" width=\"150\" height=\"150\" srcset=\"http:\/\/livre-europeen.eu\/wp-content\/uploads\/2020\/07\/valls-1-150x150.jpeg 150w, http:\/\/livre-europeen.eu\/wp-content\/uploads\/2020\/07\/valls-1-300x300.jpeg 300w, http:\/\/livre-europeen.eu\/wp-content\/uploads\/2020\/07\/valls-1-1024x1024.jpeg 1024w, http:\/\/livre-europeen.eu\/wp-content\/uploads\/2020\/07\/valls-1-768x768.jpeg 768w, http:\/\/livre-europeen.eu\/wp-content\/uploads\/2020\/07\/valls-1.jpeg 1151w\" sizes=\"(max-width: 150px) 100vw, 150px\" \/><\/td>\n<td style=\"border-style: hidden; vertical-align: top; width: 74.1906%;\">\n<h1>Manuel Valls<\/h1>\n<h2>Premier Ministre (Pr\u00e9sident Fran\u00e7ois Hollande &#8211; 2014-2016), Conseiller municipal Mairie de Barcelone depuis juin 2019<\/h2>\n<hr \/>\n<p class=\"p1\"><strong>Manuel Valls<\/strong>, n\u00e9 le 13 ao\u00fbt 1962 \u00e0 Barcelone, est un homme d&rsquo;\u00c9tat franco-espagnol, Premier ministre fran\u00e7ais du 31 mars 2014 au 6 d\u00e9cembre 2016.<\/p>\n<p>Candidat malheureux \u00e0 la primaire citoyenne de 2011, il apporte son soutien \u00e0 Fran\u00e7ois Hollande. Il est ensuite ministre de l\u2019Int\u00e9rieur dans les gouvernements Jean-Marc Ayrault, de 2012 \u00e0 2014, avant de devenir chef du gouvernement.<\/p>\n<p>Il d\u00e9missionne \u00e0 la fin de l\u2019ann\u00e9e 2016 de ses fonctions de Premier ministre pour se pr\u00e9senter \u00e0 la primaire citoyenne de 2017, qu&rsquo;il perd au second tour face \u00e0 Beno\u00eet Hamon. Lors de l\u2019\u00e9lection pr\u00e9sidentielle de 2017, contrairement \u00e0 l\u2019engagement qu\u2019il avait pris durant la primaire, il soutient Emmanuel Macron. R\u00e9\u00e9lu d\u00e9put\u00e9, il quitte ensuite le PS pour s&rsquo;apparenter au groupe La R\u00e9publique en marche (LREM) \u00e0 l\u2019Assembl\u00e9e nationale.<\/p>\n<p>En 2018, il annonce son retrait de la vie politique fran\u00e7aise apr\u00e8s s\u2019\u00eatre d\u00e9clar\u00e9 candidat aux \u00e9lections municipales de 2019 \u00e0 Barcelone, sa ville natale. Il est \u00e9lu conseiller municipal lors de ce scrutin, sa liste arrivant en quatri\u00e8me position.<\/td>\n<\/tr>\n<\/tbody>\n<\/table>\n<\/div>\n<\/div>\n<\/div>\n","protected":false},"excerpt":{"rendered":"<p> &#8230; <a class=\"read-more\" href=\"http:\/\/livre-europeen.eu\/?p=11274\">en savoir plus<\/a><\/p>\n","protected":false},"author":1,"featured_media":11394,"comment_status":"closed","ping_status":"closed","sticky":false,"template":"","format":"standard","meta":{"footnotes":""},"categories":[323],"tags":[449],"genre":[],"annees":[576],"wps_subtitle":"Premier Ministre (Pr\u00e9sident Fran\u00e7ois Hollande - 2014-2016), Conseiller municipal Mairie de Barcelone depuis juin 2019","_links":{"self":[{"href":"http:\/\/livre-europeen.eu\/index.php?rest_route=\/wp\/v2\/posts\/11274"}],"collection":[{"href":"http:\/\/livre-europeen.eu\/index.php?rest_route=\/wp\/v2\/posts"}],"about":[{"href":"http:\/\/livre-europeen.eu\/index.php?rest_route=\/wp\/v2\/types\/post"}],"author":[{"embeddable":true,"href":"http:\/\/livre-europeen.eu\/index.php?rest_route=\/wp\/v2\/users\/1"}],"replies":[{"embeddable":true,"href":"http:\/\/livre-europeen.eu\/index.php?rest_route=%2Fwp%2Fv2%2Fcomments&post=11274"}],"version-history":[{"count":5,"href":"http:\/\/livre-europeen.eu\/index.php?rest_route=\/wp\/v2\/posts\/11274\/revisions"}],"predecessor-version":[{"id":11395,"href":"http:\/\/livre-europeen.eu\/index.php?rest_route=\/wp\/v2\/posts\/11274\/revisions\/11395"}],"wp:featuredmedia":[{"embeddable":true,"href":"http:\/\/livre-europeen.eu\/index.php?rest_route=\/wp\/v2\/media\/11394"}],"wp:attachment":[{"href":"http:\/\/livre-europeen.eu\/index.php?rest_route=%2Fwp%2Fv2%2Fmedia&parent=11274"}],"wp:term":[{"taxonomy":"category","embeddable":true,"href":"http:\/\/livre-europeen.eu\/index.php?rest_route=%2Fwp%2Fv2%2Fcategories&post=11274"},{"taxonomy":"post_tag","embeddable":true,"href":"http:\/\/livre-europeen.eu\/index.php?rest_route=%2Fwp%2Fv2%2Ftags&post=11274"},{"taxonomy":"genre","embeddable":true,"href":"http:\/\/livre-europeen.eu\/index.php?rest_route=%2Fwp%2Fv2%2Fgenre&post=11274"},{"taxonomy":"annees","embeddable":true,"href":"http:\/\/livre-europeen.eu\/index.php?rest_route=%2Fwp%2Fv2%2Fannees&post=11274"}],"curies":[{"name":"wp","href":"https:\/\/api.w.org\/{rel}","templated":true}]}}