{"id":11269,"date":"2020-07-21T14:56:31","date_gmt":"2020-07-21T13:56:31","guid":{"rendered":"http:\/\/livre-europeen.eu\/?p=11269"},"modified":"2025-06-29T12:28:44","modified_gmt":"2025-06-29T11:28:44","slug":"genevieve-pons","status":"publish","type":"post","link":"http:\/\/livre-europeen.eu\/?p=11269","title":{"rendered":"Genevi\u00e8ve Pons"},"content":{"rendered":"<div class=\"block -medium main\">\n<div class=\"inner\">\n<div class=\"tabs -js-tabs\">\n<table class=\" aligncenter\" style=\"width: 1080px; border-style: none;\">\n<tbody>\n<tr>\n<td style=\"border-style: hidden; text-align: center; vertical-align: top; width: 262px;\">\n<h3>Membre du comit\u00e9<br \/>\nde parrainage 2022 et 2020<\/h3>\n<h4>Pays : France<\/h4>\n<p>&nbsp;<\/p>\n<p><img loading=\"lazy\" decoding=\"async\" class=\"alignnone size-thumbnail wp-image-11270\" src=\"http:\/\/livre-europeen.eu\/wp-content\/uploads\/2020\/07\/genevievepons-150x150.jpg\" alt=\"\" width=\"150\" height=\"150\" \/><\/td>\n<td style=\"border-style: hidden; vertical-align: top; width: 786px;\">\n<h1>Genevi\u00e8ve Pons<\/h1>\n<h2>Directrice G\u00e9n\u00e9rale d\u2019 Europe Jacques Delors et Vice Pr\u00e9sdente du Conseil d\u2019administration, Co-Pr\u00e9sidente d\u2019 Antarctica 2020, Vice-pr\u00e9sidente de Transparency International Europe, Directrice honoraire de la Commission europ\u00e9enne<\/h2>\n<hr \/>\n<p><strong>Genevi\u00e8ve Pons<\/strong> \u00e9tait en charge des questions environnementales et climatiques au sein du cabinet de M. Jacques Delors lors de ses derniers mandats de pr\u00e9sident de la Commission europ\u00e9enne (CE) (1991-1995). Elle est directrice honoraire de la CE o\u00f9 elle a occup\u00e9 plusieurs postes de direction avant de devenir directrice du service juridique de l\u2019OIT en 2013 et directrice du bureau europ\u00e9en du WWF en 2015. Depuis novembre 2017, elle dirige Europe Jacques Delors, dernier n\u00e9 d\u2019une famille de think-tanks inspir\u00e9s par la vision europ\u00e9enne de Jacques Delors. Elle est dipl\u00f4m\u00e9e de Sciences Po Paris, de la Sorbonne et de l\u2019ENA.<br \/>\nGenevi\u00e8ve est consid\u00e9r\u00e9e par Politico comme l\u2019une des femmes les plus influentes de Bruxelles, notamment dans le domaine de l\u2019environnement. Elle est membre de la Mission de l\u2019UE : Restaurer nos oc\u00e9ans et nos eaux, pr\u00e9sid\u00e9e par Pascal Lamy.\u00a0Elle est co-pr\u00e9sidente avec Pascal Lamy de la coalition Antarctica2020, qui vise \u00e0 prot\u00e9ger de vastes zones marines autour de l\u2019Antarctique.\u00a0Elle est co-pr\u00e9sidente avec S\u00e9bastien Treyer (IDDRI) du Comit\u00e9 des Parties Prenantes de l\u2019Ifremer.<\/p>\n<p>Elle est \u00e9galement vice-pr\u00e9sidente de Transparency International Europe et membre du jury du Prix du livre europ\u00e9en.<\/p>\n<p>Genevi\u00e8ve Pons est chevalier de la L\u00e9gion d\u2019honneur.<\/td>\n<\/tr>\n<\/tbody>\n<\/table>\n<\/div>\n<\/div>\n<\/div>\n","protected":false},"excerpt":{"rendered":"<p> &#8230; <a class=\"read-more\" href=\"http:\/\/livre-europeen.eu\/?p=11269\">en savoir plus<\/a><\/p>\n","protected":false},"author":1,"featured_media":11399,"comment_status":"closed","ping_status":"closed","sticky":false,"template":"","format":"standard","meta":{"footnotes":""},"categories":[323],"tags":[388],"genre":[],"annees":[576,862,866,881,887],"wps_subtitle":"Directrice G\u00e9n\u00e9rale d\u2019 Europe Jacques Delors et Vice Pr\u00e9sdente du Conseil d\u2019administration, Co-Pr\u00e9sidente d\u2019 Antarctica 2020, Vice-pr\u00e9sidente de Transparency International Europe, Directrice honoraire de la Commission europ\u00e9enne","_links":{"self":[{"href":"http:\/\/livre-europeen.eu\/index.php?rest_route=\/wp\/v2\/posts\/11269"}],"collection":[{"href":"http:\/\/livre-europeen.eu\/index.php?rest_route=\/wp\/v2\/posts"}],"about":[{"href":"http:\/\/livre-europeen.eu\/index.php?rest_route=\/wp\/v2\/types\/post"}],"author":[{"embeddable":true,"href":"http:\/\/livre-europeen.eu\/index.php?rest_route=\/wp\/v2\/users\/1"}],"replies":[{"embeddable":true,"href":"http:\/\/livre-europeen.eu\/index.php?rest_route=%2Fwp%2Fv2%2Fcomments&post=11269"}],"version-history":[{"count":8,"href":"http:\/\/livre-europeen.eu\/index.php?rest_route=\/wp\/v2\/posts\/11269\/revisions"}],"predecessor-version":[{"id":11916,"href":"http:\/\/livre-europeen.eu\/index.php?rest_route=\/wp\/v2\/posts\/11269\/revisions\/11916"}],"wp:featuredmedia":[{"embeddable":true,"href":"http:\/\/livre-europeen.eu\/index.php?rest_route=\/wp\/v2\/media\/11399"}],"wp:attachment":[{"href":"http:\/\/livre-europeen.eu\/index.php?rest_route=%2Fwp%2Fv2%2Fmedia&parent=11269"}],"wp:term":[{"taxonomy":"category","embeddable":true,"href":"http:\/\/livre-europeen.eu\/index.php?rest_route=%2Fwp%2Fv2%2Fcategories&post=11269"},{"taxonomy":"post_tag","embeddable":true,"href":"http:\/\/livre-europeen.eu\/index.php?rest_route=%2Fwp%2Fv2%2Ftags&post=11269"},{"taxonomy":"genre","embeddable":true,"href":"http:\/\/livre-europeen.eu\/index.php?rest_route=%2Fwp%2Fv2%2Fgenre&post=11269"},{"taxonomy":"annees","embeddable":true,"href":"http:\/\/livre-europeen.eu\/index.php?rest_route=%2Fwp%2Fv2%2Fannees&post=11269"}],"curies":[{"name":"wp","href":"https:\/\/api.w.org\/{rel}","templated":true}]}}