{"id":10611,"date":"2019-08-27T18:00:04","date_gmt":"2019-08-27T17:00:04","guid":{"rendered":"http:\/\/livre-europeen.eu\/?p=10611"},"modified":"2019-08-27T18:03:13","modified_gmt":"2019-08-27T17:03:13","slug":"alexandra-mitsotakis","status":"publish","type":"post","link":"http:\/\/livre-europeen.eu\/?p=10611","title":{"rendered":"Ivan Krastev"},"content":{"rendered":"<h3>Membre du comit\u00e9<br \/>\nde parrainage<br \/>\n2019<\/h3>\n<h4>pays : Bulgarie<\/h4>\n<p>&nbsp;<\/p>\n<p><a href=\"http:\/\/livre-europeen.eu\/wp-content\/uploads\/2019\/08\/Ivan_Krastev-1.jpg\"><img loading=\"lazy\" decoding=\"async\" class=\"size-full wp-image-10612\" src=\"http:\/\/livre-europeen.eu\/wp-content\/uploads\/2019\/08\/Ivan_Krastev-1.jpg\" alt=\"\" width=\"260\" height=\"260\" srcset=\"http:\/\/livre-europeen.eu\/wp-content\/uploads\/2019\/08\/Ivan_Krastev-1.jpg 260w, http:\/\/livre-europeen.eu\/wp-content\/uploads\/2019\/08\/Ivan_Krastev-1-150x150.jpg 150w\" sizes=\"(max-width: 260px) 100vw, 260px\" \/><\/a><\/p>\n<p>&nbsp;<\/p>\n<h1>Ivan Krastev<\/h1>\n<h2>Politologue<\/h2>\n<hr \/>\n<p class=\"p1\"><span class=\"s1\"><strong>Georges Dassis<\/strong><\/span><\/p>\n<p><strong>Ivan Krastev\u00a0<\/strong>est pr\u00e9sident du Centre for Liberal Strategies \u00e0 Sofia, membre fondateur du Conseil europ\u00e9en des relations internationales, directeur ex\u00e9cutif de la Commission internationale pour les Balkans\u00a0pr\u00e9sid\u00e9e par Giuliano Amato\u00a0(2004-2006), membre du conseil de l&rsquo;International Institute for Strategic Studies \u00e0 Londres (2005-2011) et membre permanent de l&rsquo;Institut pour les Sciences humaines de Vienne. Ivan Krastev a \u00e9t\u00e9 le r\u00e9dacteur en chef de l&rsquo;\u00e9dition bulgare du magazine Foreign Policy. Il \u00e9crit r\u00e9guli\u00e8rement des chroniques dans le\u00a0New York Times et a publi\u00e9 plusieurs essais sur l&rsquo;Europe et la d\u00e9mocratie.<\/p>\n","protected":false},"excerpt":{"rendered":"<p> &#8230; <a class=\"read-more\" href=\"http:\/\/livre-europeen.eu\/?p=10611\">en savoir plus<\/a><\/p>\n","protected":false},"author":2,"featured_media":0,"comment_status":"closed","ping_status":"closed","sticky":false,"template":"","format":"standard","meta":{"footnotes":""},"categories":[323],"tags":[426],"genre":[],"annees":[490],"wps_subtitle":"","_links":{"self":[{"href":"http:\/\/livre-europeen.eu\/index.php?rest_route=\/wp\/v2\/posts\/10611"}],"collection":[{"href":"http:\/\/livre-europeen.eu\/index.php?rest_route=\/wp\/v2\/posts"}],"about":[{"href":"http:\/\/livre-europeen.eu\/index.php?rest_route=\/wp\/v2\/types\/post"}],"author":[{"embeddable":true,"href":"http:\/\/livre-europeen.eu\/index.php?rest_route=\/wp\/v2\/users\/2"}],"replies":[{"embeddable":true,"href":"http:\/\/livre-europeen.eu\/index.php?rest_route=%2Fwp%2Fv2%2Fcomments&post=10611"}],"version-history":[{"count":3,"href":"http:\/\/livre-europeen.eu\/index.php?rest_route=\/wp\/v2\/posts\/10611\/revisions"}],"predecessor-version":[{"id":10615,"href":"http:\/\/livre-europeen.eu\/index.php?rest_route=\/wp\/v2\/posts\/10611\/revisions\/10615"}],"wp:attachment":[{"href":"http:\/\/livre-europeen.eu\/index.php?rest_route=%2Fwp%2Fv2%2Fmedia&parent=10611"}],"wp:term":[{"taxonomy":"category","embeddable":true,"href":"http:\/\/livre-europeen.eu\/index.php?rest_route=%2Fwp%2Fv2%2Fcategories&post=10611"},{"taxonomy":"post_tag","embeddable":true,"href":"http:\/\/livre-europeen.eu\/index.php?rest_route=%2Fwp%2Fv2%2Ftags&post=10611"},{"taxonomy":"genre","embeddable":true,"href":"http:\/\/livre-europeen.eu\/index.php?rest_route=%2Fwp%2Fv2%2Fgenre&post=10611"},{"taxonomy":"annees","embeddable":true,"href":"http:\/\/livre-europeen.eu\/index.php?rest_route=%2Fwp%2Fv2%2Fannees&post=10611"}],"curies":[{"name":"wp","href":"https:\/\/api.w.org\/{rel}","templated":true}]}}