{"id":10601,"date":"2019-08-27T17:35:38","date_gmt":"2019-08-27T16:35:38","guid":{"rendered":"http:\/\/livre-europeen.eu\/?p=10601"},"modified":"2019-09-03T15:46:43","modified_gmt":"2019-09-03T14:46:43","slug":"barbara-hendrix","status":"publish","type":"post","link":"http:\/\/livre-europeen.eu\/?p=10601","title":{"rendered":"Barbara Hendricks"},"content":{"rendered":"<table class=\" aligncenter\" style=\"width: 1080px; border-style: none;\">\n<tbody>\n<tr>\n<td style=\"border-style: hidden; text-align: center; vertical-align: top; width: 262px;\">\n<h3>Pr\u00e9sidente du jury 2019<\/h3>\n<h4>pays : Su\u00e8de<\/h4>\n<p>&nbsp;<\/p>\n<p><img loading=\"lazy\" decoding=\"async\" class=\"attachment-266x266 \" src=\"http:\/\/livre-europeen.eu\/wp-content\/uploads\/2019\/09\/B.-Hendricks-2.jpg\" sizes=\"(max-width: 266px) 100vw, 266px\" srcset=\"http:\/\/livre-europeen.eu\/wp-content\/uploads\/2019\/09\/B.-Hendricks-2.jpg 300w, http:\/\/livre-europeen.eu\/wp-content\/uploads\/2019\/09\/B.-Hendricks-2-150x150.jpg 150w\" alt=\"\" width=\"155\" height=\"155\" \/><\/td>\n<td style=\"border-style: hidden; vertical-align: top; width: 786px;\">\n<h1>Barbara Hendricks<\/h1>\n<h2>Cantatrice<\/h2>\n<hr \/>\n<p><strong>Barbara Hendrix<\/strong> est une cantatrice n\u00e9e dans le sud des Etats-Unis. Afro-am\u00e9ricaine de naissance, elle est de nationalit\u00e9 su\u00e9doise par le mariage.<\/td>\n<\/tr>\n<\/tbody>\n<\/table>\n","protected":false},"excerpt":{"rendered":"<p> &#8230; <a class=\"read-more\" href=\"http:\/\/livre-europeen.eu\/?p=10601\">en savoir plus<\/a><\/p>\n","protected":false},"author":2,"featured_media":10896,"comment_status":"closed","ping_status":"closed","sticky":false,"template":"","format":"standard","meta":{"footnotes":""},"categories":[321],"tags":[424],"genre":[565],"annees":[490],"wps_subtitle":"","_links":{"self":[{"href":"http:\/\/livre-europeen.eu\/index.php?rest_route=\/wp\/v2\/posts\/10601"}],"collection":[{"href":"http:\/\/livre-europeen.eu\/index.php?rest_route=\/wp\/v2\/posts"}],"about":[{"href":"http:\/\/livre-europeen.eu\/index.php?rest_route=\/wp\/v2\/types\/post"}],"author":[{"embeddable":true,"href":"http:\/\/livre-europeen.eu\/index.php?rest_route=\/wp\/v2\/users\/2"}],"replies":[{"embeddable":true,"href":"http:\/\/livre-europeen.eu\/index.php?rest_route=%2Fwp%2Fv2%2Fcomments&post=10601"}],"version-history":[{"count":8,"href":"http:\/\/livre-europeen.eu\/index.php?rest_route=\/wp\/v2\/posts\/10601\/revisions"}],"predecessor-version":[{"id":10898,"href":"http:\/\/livre-europeen.eu\/index.php?rest_route=\/wp\/v2\/posts\/10601\/revisions\/10898"}],"wp:featuredmedia":[{"embeddable":true,"href":"http:\/\/livre-europeen.eu\/index.php?rest_route=\/wp\/v2\/media\/10896"}],"wp:attachment":[{"href":"http:\/\/livre-europeen.eu\/index.php?rest_route=%2Fwp%2Fv2%2Fmedia&parent=10601"}],"wp:term":[{"taxonomy":"category","embeddable":true,"href":"http:\/\/livre-europeen.eu\/index.php?rest_route=%2Fwp%2Fv2%2Fcategories&post=10601"},{"taxonomy":"post_tag","embeddable":true,"href":"http:\/\/livre-europeen.eu\/index.php?rest_route=%2Fwp%2Fv2%2Ftags&post=10601"},{"taxonomy":"genre","embeddable":true,"href":"http:\/\/livre-europeen.eu\/index.php?rest_route=%2Fwp%2Fv2%2Fgenre&post=10601"},{"taxonomy":"annees","embeddable":true,"href":"http:\/\/livre-europeen.eu\/index.php?rest_route=%2Fwp%2Fv2%2Fannees&post=10601"}],"curies":[{"name":"wp","href":"https:\/\/api.w.org\/{rel}","templated":true}]}}